{"id":4567,"date":"2019-06-17T10:35:16","date_gmt":"2019-06-17T08:35:16","guid":{"rendered":"http:\/\/uppsalabilder.se\/?p=4567"},"modified":"2021-09-08T10:27:28","modified_gmt":"2021-09-08T08:27:28","slug":"ett-fotografi-berattar","status":"publish","type":"post","link":"https:\/\/uppsalabilder.se\/?p=4567","title":{"rendered":"Ett fotografi ber\u00e4ttar"},"content":{"rendered":"\n<p class=\"wp-block-paragraph\">Jag s\u00f6ker mer information om Nanny Albertina Kroll och hennes butik p\u00e5 Sysslomansgatan 5. \u00c4r det s\u00e5 att du har n\u00e5gon information s\u00e5 f\u00e5r du g\u00e4rna h\u00f6ra av dig. <a href=\"https:\/\/uppsalabilder.se\/?page_id=9\">Kontakformul\u00e4r<\/a>.<\/p>\n\n\n\n<p class=\"wp-block-paragraph\">Fotografiet som \u00e4r taget den 13 Mars 1912 visar Nanny Albertina Kroll omgiven av blommor p\u00e5 hennes 60 \u00e5rs dag.<\/p>\n\n\n\n<figure class=\"wp-block-image\"><img loading=\"lazy\" decoding=\"async\" width=\"2048\" height=\"1507\" data-attachment-id=\"4569\" data-permalink=\"https:\/\/uppsalabilder.se\/?attachment_id=4569\" data-orig-file=\"https:\/\/i0.wp.com\/uppsalabilder.se\/wp-content\/uploads\/2019\/05\/Nanny_Kroll_19120313_R_190528_5796.jpg?fit=2048%2C1507&amp;ssl=1\" data-orig-size=\"2048,1507\" data-comments-opened=\"0\" data-image-meta=\"{&quot;aperture&quot;:&quot;10&quot;,&quot;credit&quot;:&quot;&quot;,&quot;camera&quot;:&quot;Canon EOS 5DS R&quot;,&quot;caption&quot;:&quot;Fotografiet tagen p\\u00e5 Nanny Kroll den hennes 60 \\u00e5rs dag den 13 Mars 1912 i hennes v\\u00e5ning N\\u00e4ktergalen N:o 2 i Uppsala. Nanny Albertina Kroll, aff\\u00e4rsbitr\\u00e4de (1862-1946). F\\u00f6dd i Halltorp, Kalmar l\\u00e4n. Hon \\u00e4gde Butiken grundades p\\u00e5 1910-talet och l\\u00e5g p\\u00e5 Sysslomansgatan 5. F\\u00f6rutom sybeh\\u00f6r s\\u00e5ldes \\u00e4ven damkonfektion. Lades ned omkring 1970.&quot;,&quot;created_timestamp&quot;:&quot;1559069888&quot;,&quot;copyright&quot;:&quot;&quot;,&quot;focal_length&quot;:&quot;100&quot;,&quot;iso&quot;:&quot;100&quot;,&quot;shutter_speed&quot;:&quot;0.125&quot;,&quot;title&quot;:&quot;&quot;,&quot;orientation&quot;:&quot;1&quot;}\" data-image-title=\"Nanny_Kroll_19120313_R_190528_5796\" data-image-description=\"\" data-image-caption=\"&lt;p&gt;Fotografiet tagen p\u00e5 Nanny Kroll den hennes 60 \u00e5rs dag den 13 Mars 1912 i hennes v\u00e5ning N\u00e4ktergalen N:o 2 i Uppsala. Nanny Albertina Kroll, aff\u00e4rsbitr\u00e4de (1862-1946). F\u00f6dd i Halltorp, Kalmar l\u00e4n. Hon \u00e4gde Butiken grundades p\u00e5 1910-talet och l\u00e5g p\u00e5 Sysslomansgatan 5. F\u00f6rutom sybeh\u00f6r s\u00e5ldes \u00e4ven damkonfektion. Lades ned omkring 1970.&lt;\/p&gt;\n\" data-large-file=\"https:\/\/i0.wp.com\/uppsalabilder.se\/wp-content\/uploads\/2019\/05\/Nanny_Kroll_19120313_R_190528_5796.jpg?fit=880%2C648&amp;ssl=1\" src=\"https:\/\/i1.wp.com\/uppsalabilder.se\/wp-content\/uploads\/2019\/05\/Nanny_Kroll_19120313_R_190528_5796.jpg?fit=620%2C457\" alt=\"\" class=\"wp-image-4569\" srcset=\"https:\/\/i0.wp.com\/uppsalabilder.se\/wp-content\/uploads\/2019\/05\/Nanny_Kroll_19120313_R_190528_5796.jpg?w=2048&amp;ssl=1 2048w, https:\/\/i0.wp.com\/uppsalabilder.se\/wp-content\/uploads\/2019\/05\/Nanny_Kroll_19120313_R_190528_5796.jpg?resize=300%2C221&amp;ssl=1 300w, https:\/\/i0.wp.com\/uppsalabilder.se\/wp-content\/uploads\/2019\/05\/Nanny_Kroll_19120313_R_190528_5796.jpg?resize=768%2C565&amp;ssl=1 768w, https:\/\/i0.wp.com\/uppsalabilder.se\/wp-content\/uploads\/2019\/05\/Nanny_Kroll_19120313_R_190528_5796.jpg?resize=1024%2C754&amp;ssl=1 1024w, https:\/\/i0.wp.com\/uppsalabilder.se\/wp-content\/uploads\/2019\/05\/Nanny_Kroll_19120313_R_190528_5796.jpg?resize=50%2C37&amp;ssl=1 50w, https:\/\/i0.wp.com\/uppsalabilder.se\/wp-content\/uploads\/2019\/05\/Nanny_Kroll_19120313_R_190528_5796.jpg?resize=973%2C716&amp;ssl=1 973w, https:\/\/i0.wp.com\/uppsalabilder.se\/wp-content\/uploads\/2019\/05\/Nanny_Kroll_19120313_R_190528_5796.jpg?resize=508%2C374&amp;ssl=1 508w, https:\/\/i0.wp.com\/uppsalabilder.se\/wp-content\/uploads\/2019\/05\/Nanny_Kroll_19120313_R_190528_5796.jpg?resize=600%2C442&amp;ssl=1 600w, https:\/\/i0.wp.com\/uppsalabilder.se\/wp-content\/uploads\/2019\/05\/Nanny_Kroll_19120313_R_190528_5796.jpg?w=1760&amp;ssl=1 1760w\" sizes=\"auto, (max-width: 880px) 100vw, 880px\" \/><figcaption>Nanny Albertina Kroll fotograferad p\u00e5 sin 60 \u00e5rs dag den 13 Mars 1912 i hennes v\u00e5ning N\u00e4ktergalen N:o 2 i Uppsala. Fotografen \u00e4r ok\u00e4nd<\/figcaption><\/figure>\n\n\n\n<p class=\"wp-block-paragraph\">Fotografiet \u00e4r en gulbleknad papperskopia i storleken 13&#215;18 cm. Hon \u00e4r omgiven av blommor efter dagens uppvaktningar och sitter med tidningen i handen med ansiktet mot f\u00f6nstret. Ett klassiskt portr\u00e4tt fr\u00e5n den tiden.<\/p>\n\n\n\n<figure class=\"wp-block-image\"><img loading=\"lazy\" decoding=\"async\" width=\"1024\" height=\"755\" data-attachment-id=\"4570\" data-permalink=\"https:\/\/uppsalabilder.se\/?attachment_id=4570\" data-orig-file=\"https:\/\/i0.wp.com\/uppsalabilder.se\/wp-content\/uploads\/2019\/05\/Nanny_Kroll_19120313_R_190528_5798.jpg?fit=1024%2C755&amp;ssl=1\" data-orig-size=\"1024,755\" data-comments-opened=\"0\" data-image-meta=\"{&quot;aperture&quot;:&quot;10&quot;,&quot;credit&quot;:&quot;&quot;,&quot;camera&quot;:&quot;Canon EOS 5DS R&quot;,&quot;caption&quot;:&quot;Fotografiet tagen p\\u00e5 Nanny Kroll den hennes 60 \\u00e5rs dag den 13 Mars 1912 i hennes v\\u00e5ning i Uppsala. Nanny Albertina Kroll, aff\\u00e4rsbitr\\u00e4de (1862-1946). F\\u00f6dd i Halltorp, Kalmar l\\u00e4n.&quot;,&quot;created_timestamp&quot;:&quot;1559069914&quot;,&quot;copyright&quot;:&quot;&quot;,&quot;focal_length&quot;:&quot;100&quot;,&quot;iso&quot;:&quot;100&quot;,&quot;shutter_speed&quot;:&quot;0.16666666666667&quot;,&quot;title&quot;:&quot;&quot;,&quot;orientation&quot;:&quot;1&quot;}\" data-image-title=\"Nanny_Kroll_19120313_R_190528_5798\" data-image-description=\"\" data-image-caption=\"&lt;p&gt;Fotografiet tagen p\u00e5 Nanny Kroll den hennes 60 \u00e5rs dag den 13 Mars 1912 i hennes v\u00e5ning i Uppsala. Nanny Albertina Kroll, aff\u00e4rsbitr\u00e4de (1862-1946). F\u00f6dd i Halltorp, Kalmar l\u00e4n.&lt;\/p&gt;\n\" data-large-file=\"https:\/\/i0.wp.com\/uppsalabilder.se\/wp-content\/uploads\/2019\/05\/Nanny_Kroll_19120313_R_190528_5798.jpg?fit=880%2C649&amp;ssl=1\" src=\"https:\/\/i0.wp.com\/uppsalabilder.se\/wp-content\/uploads\/2019\/05\/Nanny_Kroll_19120313_R_190528_5798.jpg?fit=620%2C457\" alt=\"\" class=\"wp-image-4570\" srcset=\"https:\/\/i0.wp.com\/uppsalabilder.se\/wp-content\/uploads\/2019\/05\/Nanny_Kroll_19120313_R_190528_5798.jpg?w=1024&amp;ssl=1 1024w, https:\/\/i0.wp.com\/uppsalabilder.se\/wp-content\/uploads\/2019\/05\/Nanny_Kroll_19120313_R_190528_5798.jpg?resize=300%2C221&amp;ssl=1 300w, https:\/\/i0.wp.com\/uppsalabilder.se\/wp-content\/uploads\/2019\/05\/Nanny_Kroll_19120313_R_190528_5798.jpg?resize=768%2C566&amp;ssl=1 768w, https:\/\/i0.wp.com\/uppsalabilder.se\/wp-content\/uploads\/2019\/05\/Nanny_Kroll_19120313_R_190528_5798.jpg?resize=50%2C37&amp;ssl=1 50w, https:\/\/i0.wp.com\/uppsalabilder.se\/wp-content\/uploads\/2019\/05\/Nanny_Kroll_19120313_R_190528_5798.jpg?resize=973%2C717&amp;ssl=1 973w, https:\/\/i0.wp.com\/uppsalabilder.se\/wp-content\/uploads\/2019\/05\/Nanny_Kroll_19120313_R_190528_5798.jpg?resize=508%2C375&amp;ssl=1 508w, https:\/\/i0.wp.com\/uppsalabilder.se\/wp-content\/uploads\/2019\/05\/Nanny_Kroll_19120313_R_190528_5798.jpg?resize=600%2C442&amp;ssl=1 600w\" sizes=\"auto, (max-width: 880px) 100vw, 880px\" \/><figcaption>Baksidan av fotografiet tagen p\u00e5 Nanny Kroll den hennes 60 \u00e5rs dag den 13 Mars 1912 i hennes v\u00e5ning i Uppsala.<\/figcaption><\/figure>\n\n\n\n<p class=\"wp-block-paragraph\">P\u00e5 baksidan av fotografiet st\u00e5r det Nanny Kroll 60 \u00e5rs dagen. Fotografen \u00e4r ok\u00e4nd.<\/p>\n\n\n\n<p class=\"wp-block-paragraph\">Nanny \u00e4ger och driver en sybeh\u00f6rs och damkonfektions butik p\u00e5 Sysslomansgatan 5. <\/p>\n\n\n\n<h2 class=\"wp-block-heading\">Sysslomansgatan 5<\/h2>\n\n\n\n<figure class=\"wp-block-image\"><img loading=\"lazy\" decoding=\"async\" width=\"2048\" height=\"2036\" data-attachment-id=\"4572\" data-permalink=\"https:\/\/uppsalabilder.se\/?attachment_id=4572\" data-orig-file=\"https:\/\/i0.wp.com\/uppsalabilder.se\/wp-content\/uploads\/2019\/05\/Sysslomansgatan_5_R_190528_5806.jpg?fit=2048%2C2036&amp;ssl=1\" data-orig-size=\"2048,2036\" data-comments-opened=\"0\" data-image-meta=\"{&quot;aperture&quot;:&quot;10&quot;,&quot;credit&quot;:&quot;&quot;,&quot;camera&quot;:&quot;Canon EOS 5DS R&quot;,&quot;caption&quot;:&quot;Nanny Krolls Eftr. Sybeh\\u00f6r och Damkonfektion Sysslomansgatan 5 Upsala Telefon 31078&quot;,&quot;created_timestamp&quot;:&quot;1559070124&quot;,&quot;copyright&quot;:&quot;&quot;,&quot;focal_length&quot;:&quot;100&quot;,&quot;iso&quot;:&quot;100&quot;,&quot;shutter_speed&quot;:&quot;0.125&quot;,&quot;title&quot;:&quot;&quot;,&quot;orientation&quot;:&quot;1&quot;}\" data-image-title=\"Sysslomansgatan_5_R_190528_5806\" data-image-description=\"\" data-image-caption=\"&lt;p&gt;Nanny Krolls Eftr. Sybeh\u00f6r och Damkonfektion Sysslomansgatan 5 Upsala Telefon 31078&lt;\/p&gt;\n\" data-large-file=\"https:\/\/i0.wp.com\/uppsalabilder.se\/wp-content\/uploads\/2019\/05\/Sysslomansgatan_5_R_190528_5806.jpg?fit=880%2C875&amp;ssl=1\" src=\"https:\/\/i1.wp.com\/uppsalabilder.se\/wp-content\/uploads\/2019\/05\/Sysslomansgatan_5_R_190528_5806.jpg?fit=620%2C616\" alt=\"\" class=\"wp-image-4572\" srcset=\"https:\/\/i0.wp.com\/uppsalabilder.se\/wp-content\/uploads\/2019\/05\/Sysslomansgatan_5_R_190528_5806.jpg?w=2048&amp;ssl=1 2048w, https:\/\/i0.wp.com\/uppsalabilder.se\/wp-content\/uploads\/2019\/05\/Sysslomansgatan_5_R_190528_5806.jpg?resize=150%2C150&amp;ssl=1 150w, https:\/\/i0.wp.com\/uppsalabilder.se\/wp-content\/uploads\/2019\/05\/Sysslomansgatan_5_R_190528_5806.jpg?resize=300%2C298&amp;ssl=1 300w, https:\/\/i0.wp.com\/uppsalabilder.se\/wp-content\/uploads\/2019\/05\/Sysslomansgatan_5_R_190528_5806.jpg?resize=768%2C764&amp;ssl=1 768w, https:\/\/i0.wp.com\/uppsalabilder.se\/wp-content\/uploads\/2019\/05\/Sysslomansgatan_5_R_190528_5806.jpg?resize=1024%2C1018&amp;ssl=1 1024w, https:\/\/i0.wp.com\/uppsalabilder.se\/wp-content\/uploads\/2019\/05\/Sysslomansgatan_5_R_190528_5806.jpg?resize=50%2C50&amp;ssl=1 50w, https:\/\/i0.wp.com\/uppsalabilder.se\/wp-content\/uploads\/2019\/05\/Sysslomansgatan_5_R_190528_5806.jpg?resize=88%2C88&amp;ssl=1 88w, https:\/\/i0.wp.com\/uppsalabilder.se\/wp-content\/uploads\/2019\/05\/Sysslomansgatan_5_R_190528_5806.jpg?resize=973%2C967&amp;ssl=1 973w, https:\/\/i0.wp.com\/uppsalabilder.se\/wp-content\/uploads\/2019\/05\/Sysslomansgatan_5_R_190528_5806.jpg?resize=508%2C505&amp;ssl=1 508w, https:\/\/i0.wp.com\/uppsalabilder.se\/wp-content\/uploads\/2019\/05\/Sysslomansgatan_5_R_190528_5806.jpg?resize=600%2C596&amp;ssl=1 600w, https:\/\/i0.wp.com\/uppsalabilder.se\/wp-content\/uploads\/2019\/05\/Sysslomansgatan_5_R_190528_5806.jpg?resize=100%2C100&amp;ssl=1 100w, https:\/\/i0.wp.com\/uppsalabilder.se\/wp-content\/uploads\/2019\/05\/Sysslomansgatan_5_R_190528_5806.jpg?w=1760&amp;ssl=1 1760w\" sizes=\"auto, (max-width: 880px) 100vw, 880px\" \/><figcaption>Nanny Krolls Eftr. Sybeh\u00f6r och Damkonfektion Sysslomansgatan 5 Uppsala<\/figcaption><\/figure>\n\n\n\n<p class=\"wp-block-paragraph\">Fotografiet fr\u00e5n Sysslomansgatan 5 \u00e4r taget i Januari 1969. P\u00e5 bilden ser man sn\u00f6slask och butiken ser ut att vara st\u00e4ngd med neddragna gardiner. N\u00e4r den h\u00e4r bilden \u00e4r tagen \u00e4r det Greta Palmquist och Olga Berlin som driver butiken. Gretas och Olgas samarbete att driva butiken har varat sedan 19nn och h\u00e5ller nu p\u00e5 att ta slut. Verksamheten ska nu \u00f6verl\u00e5tas kontakt har tagits med Uppsala Stads fastighetschef.<\/p>\n\n\n\n<figure class=\"wp-block-image\"><img loading=\"lazy\" decoding=\"async\" width=\"2048\" height=\"2018\" data-attachment-id=\"4597\" data-permalink=\"https:\/\/uppsalabilder.se\/?attachment_id=4597\" data-orig-file=\"https:\/\/i0.wp.com\/uppsalabilder.se\/wp-content\/uploads\/2019\/06\/2048_R_190528_5800.jpg?fit=2048%2C2018&amp;ssl=1\" data-orig-size=\"2048,2018\" data-comments-opened=\"0\" data-image-meta=\"{&quot;aperture&quot;:&quot;10&quot;,&quot;credit&quot;:&quot;&quot;,&quot;camera&quot;:&quot;Canon EOS 5DS R&quot;,&quot;caption&quot;:&quot;Nanny Krolls Eftr. Sybeh\\u00f6r och Damkonfektion Sysslomansgatan 5 Upsala Telefon 31078&quot;,&quot;created_timestamp&quot;:&quot;1559069969&quot;,&quot;copyright&quot;:&quot;&quot;,&quot;focal_length&quot;:&quot;100&quot;,&quot;iso&quot;:&quot;100&quot;,&quot;shutter_speed&quot;:&quot;0.066666666666667&quot;,&quot;title&quot;:&quot;&quot;,&quot;orientation&quot;:&quot;1&quot;}\" data-image-title=\"2048_R_190528_5800\" data-image-description=\"\" data-image-caption=\"&lt;p&gt;Nanny Krolls Eftr. Sybeh\u00f6r och Damkonfektion Sysslomansgatan 5 Upsala Telefon 31078&lt;\/p&gt;\n\" data-large-file=\"https:\/\/i0.wp.com\/uppsalabilder.se\/wp-content\/uploads\/2019\/06\/2048_R_190528_5800.jpg?fit=880%2C867&amp;ssl=1\" src=\"https:\/\/i1.wp.com\/uppsalabilder.se\/wp-content\/uploads\/2019\/06\/2048_R_190528_5800.jpg?fit=620%2C611\" alt=\"\" class=\"wp-image-4597\" srcset=\"https:\/\/i0.wp.com\/uppsalabilder.se\/wp-content\/uploads\/2019\/06\/2048_R_190528_5800.jpg?w=2048&amp;ssl=1 2048w, https:\/\/i0.wp.com\/uppsalabilder.se\/wp-content\/uploads\/2019\/06\/2048_R_190528_5800.jpg?resize=300%2C296&amp;ssl=1 300w, https:\/\/i0.wp.com\/uppsalabilder.se\/wp-content\/uploads\/2019\/06\/2048_R_190528_5800.jpg?resize=768%2C757&amp;ssl=1 768w, https:\/\/i0.wp.com\/uppsalabilder.se\/wp-content\/uploads\/2019\/06\/2048_R_190528_5800.jpg?resize=1024%2C1009&amp;ssl=1 1024w, https:\/\/i0.wp.com\/uppsalabilder.se\/wp-content\/uploads\/2019\/06\/2048_R_190528_5800.jpg?resize=50%2C50&amp;ssl=1 50w, https:\/\/i0.wp.com\/uppsalabilder.se\/wp-content\/uploads\/2019\/06\/2048_R_190528_5800.jpg?resize=88%2C88&amp;ssl=1 88w, https:\/\/i0.wp.com\/uppsalabilder.se\/wp-content\/uploads\/2019\/06\/2048_R_190528_5800.jpg?resize=973%2C959&amp;ssl=1 973w, https:\/\/i0.wp.com\/uppsalabilder.se\/wp-content\/uploads\/2019\/06\/2048_R_190528_5800.jpg?resize=508%2C501&amp;ssl=1 508w, https:\/\/i0.wp.com\/uppsalabilder.se\/wp-content\/uploads\/2019\/06\/2048_R_190528_5800.jpg?resize=600%2C591&amp;ssl=1 600w, https:\/\/i0.wp.com\/uppsalabilder.se\/wp-content\/uploads\/2019\/06\/2048_R_190528_5800.jpg?resize=100%2C100&amp;ssl=1 100w, https:\/\/i0.wp.com\/uppsalabilder.se\/wp-content\/uploads\/2019\/06\/2048_R_190528_5800.jpg?w=1760&amp;ssl=1 1760w\" sizes=\"auto, (max-width: 880px) 100vw, 880px\" \/><figcaption>Nanny Krolls Eftr. Sybeh\u00f6r och Damkonfektion Sysslomansgatan 5 Fr\u00e5n v\u00e4nster  \u00e4garna Greta Palmquist och Olga Berlin. Fotografen ok\u00e4nd<\/figcaption><\/figure>\n\n\n\n<p class=\"wp-block-paragraph\">Greta och Olga tar \u00f6ver verksamheten efter Nanny Kroll och driver verksamheten fram till 1970 d\u00e5 deras verksamheten kommer \u00f6verl\u00e5tas till annan \u00e4gare.<\/p>\n\n\n\n<figure class=\"wp-block-image\"><img loading=\"lazy\" decoding=\"async\" width=\"2048\" height=\"1426\" data-attachment-id=\"4594\" data-permalink=\"https:\/\/uppsalabilder.se\/?attachment_id=4594\" data-orig-file=\"https:\/\/i0.wp.com\/uppsalabilder.se\/wp-content\/uploads\/2019\/06\/Sysslomansgatan_5_R_190528_5810.jpg?fit=2048%2C1426&amp;ssl=1\" data-orig-size=\"2048,1426\" data-comments-opened=\"0\" data-image-meta=\"{&quot;aperture&quot;:&quot;10&quot;,&quot;credit&quot;:&quot;&quot;,&quot;camera&quot;:&quot;Canon EOS 5DS R&quot;,&quot;caption&quot;:&quot;Nanny Krolls Eftr. Sybeh\\u00f6r och Damkonfektion Sysslomansgatan 5 Upsala Telefon 31078&quot;,&quot;created_timestamp&quot;:&quot;1559070214&quot;,&quot;copyright&quot;:&quot;&quot;,&quot;focal_length&quot;:&quot;100&quot;,&quot;iso&quot;:&quot;100&quot;,&quot;shutter_speed&quot;:&quot;0.16666666666667&quot;,&quot;title&quot;:&quot;&quot;,&quot;orientation&quot;:&quot;1&quot;}\" data-image-title=\"Sysslomansgatan_5_R_190528_5810\" data-image-description=\"\" data-image-caption=\"&lt;p&gt;Nanny Krolls Eftr. Sybeh\u00f6r och Damkonfektion Sysslomansgatan 5 Upsala Telefon 31078&lt;\/p&gt;\n\" data-large-file=\"https:\/\/i0.wp.com\/uppsalabilder.se\/wp-content\/uploads\/2019\/06\/Sysslomansgatan_5_R_190528_5810.jpg?fit=880%2C613&amp;ssl=1\" src=\"https:\/\/i1.wp.com\/uppsalabilder.se\/wp-content\/uploads\/2019\/06\/Sysslomansgatan_5_R_190528_5810.jpg?fit=620%2C432\" alt=\"\" class=\"wp-image-4594\" srcset=\"https:\/\/i0.wp.com\/uppsalabilder.se\/wp-content\/uploads\/2019\/06\/Sysslomansgatan_5_R_190528_5810.jpg?w=2048&amp;ssl=1 2048w, https:\/\/i0.wp.com\/uppsalabilder.se\/wp-content\/uploads\/2019\/06\/Sysslomansgatan_5_R_190528_5810.jpg?resize=300%2C209&amp;ssl=1 300w, https:\/\/i0.wp.com\/uppsalabilder.se\/wp-content\/uploads\/2019\/06\/Sysslomansgatan_5_R_190528_5810.jpg?resize=768%2C535&amp;ssl=1 768w, https:\/\/i0.wp.com\/uppsalabilder.se\/wp-content\/uploads\/2019\/06\/Sysslomansgatan_5_R_190528_5810.jpg?resize=1024%2C713&amp;ssl=1 1024w, https:\/\/i0.wp.com\/uppsalabilder.se\/wp-content\/uploads\/2019\/06\/Sysslomansgatan_5_R_190528_5810.jpg?resize=50%2C35&amp;ssl=1 50w, https:\/\/i0.wp.com\/uppsalabilder.se\/wp-content\/uploads\/2019\/06\/Sysslomansgatan_5_R_190528_5810.jpg?resize=973%2C677&amp;ssl=1 973w, https:\/\/i0.wp.com\/uppsalabilder.se\/wp-content\/uploads\/2019\/06\/Sysslomansgatan_5_R_190528_5810.jpg?resize=508%2C354&amp;ssl=1 508w, https:\/\/i0.wp.com\/uppsalabilder.se\/wp-content\/uploads\/2019\/06\/Sysslomansgatan_5_R_190528_5810.jpg?resize=600%2C418&amp;ssl=1 600w, https:\/\/i0.wp.com\/uppsalabilder.se\/wp-content\/uploads\/2019\/06\/Sysslomansgatan_5_R_190528_5810.jpg?w=1760&amp;ssl=1 1760w\" sizes=\"auto, (max-width: 880px) 100vw, 880px\" \/><figcaption>En interi\u00f6rbild fr\u00e5n butiken d\u00e4r \u00e4garna Greta Palmquist st\u00e5r till h\u00f6ger och Olga Berlin till v\u00e4nster. Fotografen ok\u00e4nd<\/figcaption><\/figure>\n\n\n\n<p class=\"wp-block-paragraph\">Den 12 September 1968 skriver advokat Sven-Erik Sj\u00f6gren fr\u00e5n Upsala Advokatbyr\u00e5 ett brev adresserat till Uppsala Stad.<\/p>\n\n\n\n<p class=\"wp-block-paragraph\">I brevet st\u00e5r det.<br>&#8221;Fr\u00f6ken Palmquist och fru Berlin, som innehar rubr. r\u00f6relse har f\u00f6r avsikt att per den 1 januari 1969 \u00f6verl\u00e5ta r\u00f6relsen \u00e5 annan person.&#8221;<\/p>\n\n\n\n<p class=\"wp-block-paragraph\">Hittar vi mer information om Sysslomansgatan 5 uppdaterar vi sidan.<\/p>\n","protected":false},"excerpt":{"rendered":"<p>Jag s\u00f6ker mer information om Nanny Albertina Kroll och hennes butik p\u00e5 Sysslomansgatan 5. \u00c4r det s\u00e5 att du har<\/p>\n<p><a href=\"https:\/\/uppsalabilder.se\/?p=4567\" class=\"more-link\">Forts\u00e4tt l\u00e4sa<span class=\"screen-reader-text\">Ett fotografi ber\u00e4ttar<\/span><\/a><\/p>\n","protected":false},"author":1,"featured_media":12588,"comment_status":"closed","ping_status":"closed","sticky":false,"template":"","format":"standard","meta":{"advanced_seo_description":"","jetpack_seo_html_title":"","jetpack_seo_noindex":false,"jetpack_seo_schema_type":"","_jetpack_newsletter_access":"","_jetpack_dont_email_post_to_subs":false,"_jetpack_newsletter_tier_id":0,"_jetpack_memberships_contains_paywalled_content":false,"_jetpack_feature_clip_id":0,"_jetpack_memberships_contains_paid_content":false,"footnotes":"","jetpack_publicize_message":"","jetpack_publicize_feature_enabled":true,"jetpack_social_post_already_shared":true,"jetpack_social_options":{"image_generator_settings":{"template":"highway","default_image_id":0,"font":"","enabled":false},"version":2},"jetpack_post_was_ever_published":false},"categories":[245,244,20],"tags":[],"class_list":["post-4567","post","type-post","status-publish","format-standard","has-post-thumbnail","hentry","category-bildspel","category-fotohistoria","category-nyheter"],"jetpack_publicize_connections":[],"jetpack_sharing_enabled":true,"jetpack-related-posts":[],"jetpack_shortlink":"https:\/\/wp.me\/p6ZE1p-1bF","jetpack_featured_media_url":"https:\/\/i0.wp.com\/uppsalabilder.se\/wp-content\/uploads\/2022\/01\/Nanny_Kroll_19120313_R_190528_5796_2.jpg?fit=2048%2C1507&ssl=1","_links":{"self":[{"href":"https:\/\/uppsalabilder.se\/index.php?rest_route=\/wp\/v2\/posts\/4567","targetHints":{"allow":["GET"]}}],"collection":[{"href":"https:\/\/uppsalabilder.se\/index.php?rest_route=\/wp\/v2\/posts"}],"about":[{"href":"https:\/\/uppsalabilder.se\/index.php?rest_route=\/wp\/v2\/types\/post"}],"author":[{"embeddable":true,"href":"https:\/\/uppsalabilder.se\/index.php?rest_route=\/wp\/v2\/users\/1"}],"replies":[{"embeddable":true,"href":"https:\/\/uppsalabilder.se\/index.php?rest_route=%2Fwp%2Fv2%2Fcomments&post=4567"}],"version-history":[{"count":18,"href":"https:\/\/uppsalabilder.se\/index.php?rest_route=\/wp\/v2\/posts\/4567\/revisions"}],"predecessor-version":[{"id":4974,"href":"https:\/\/uppsalabilder.se\/index.php?rest_route=\/wp\/v2\/posts\/4567\/revisions\/4974"}],"wp:featuredmedia":[{"embeddable":true,"href":"https:\/\/uppsalabilder.se\/index.php?rest_route=\/wp\/v2\/media\/12588"}],"wp:attachment":[{"href":"https:\/\/uppsalabilder.se\/index.php?rest_route=%2Fwp%2Fv2%2Fmedia&parent=4567"}],"wp:term":[{"taxonomy":"category","embeddable":true,"href":"https:\/\/uppsalabilder.se\/index.php?rest_route=%2Fwp%2Fv2%2Fcategories&post=4567"},{"taxonomy":"post_tag","embeddable":true,"href":"https:\/\/uppsalabilder.se\/index.php?rest_route=%2Fwp%2Fv2%2Ftags&post=4567"}],"curies":[{"name":"wp","href":"https:\/\/api.w.org\/{rel}","templated":true}]}}